{"id":6654,"date":"2026-04-29T08:00:20","date_gmt":"2026-04-29T07:00:20","guid":{"rendered":"https:\/\/www.arteventia.fr\/?p=6654"},"modified":"2026-04-29T08:03:58","modified_gmt":"2026-04-29T07:03:58","slug":"julien-delaveau","status":"publish","type":"post","link":"https:\/\/www.arteventia.fr\/en\/julien-delaveau\/","title":{"rendered":"Julien Delaveau, transformer une id\u00e9e en moment de spectacle"},"content":{"rendered":"<h2 data-section-id=\"eulsqc\" data-start=\"201\" data-end=\"263\">Julien Delaveau, transformer une id\u00e9e en moment de spectacle<\/h2>\n<p data-start=\"265\" data-end=\"759\">Dans les m\u00e9tiers du spectacle pyrotechnique, certains r\u00f4les demandent de savoir tenir ensemble plusieurs r\u00e9alit\u00e9s \u00e0 la fois : l\u2019\u00e9coute du client, la vision artistique, la coordination des \u00e9quipes, la pr\u00e9cision technique, la logistique, la s\u00e9curit\u00e9\u2026 Julien Delaveau \u00e9volue pr\u00e9cis\u00e9ment \u00e0 cette jonction. Chez ARTEVENTIA, il fait partie de ceux qui accompagnent un projet depuis son intention premi\u00e8re jusqu\u2019\u00e0 son d\u00e9ploiement sur le terrain, avec une attention constante \u00e0 la coh\u00e9rence d\u2019ensemble.<\/p>\n<p data-start=\"761\" data-end=\"1142\">Charg\u00e9 de projet, il accompagne les clients dans la cr\u00e9ation de leurs spectacles, de la conception artistique jusqu\u2019\u00e0 la r\u00e9alisation. Il coordonne \u00e9galement les \u00e9quipes d\u2019artificiers sur site et veille \u00e0 leur organisation logistique lors des \u00e9v\u00e9nements. Un r\u00f4le complet, exigeant, profond\u00e9ment ancr\u00e9 dans le r\u00e9el, mais toujours tourn\u00e9 vers l\u2019\u00e9motion que le spectacle doit susciter.<\/p>\n<h2 data-section-id=\"net1ol\" data-start=\"1144\" data-end=\"1182\">Une passion ancienne devenue m\u00e9tier<\/h2>\n<p data-start=\"1184\" data-end=\"1480\">Le parcours de Julien n\u2019a pas suivi une trajectoire toute trac\u00e9e. Apr\u00e8s un bac ES puis deux ann\u00e9es de facult\u00e9, il est rapidement rattrap\u00e9 par l\u2019univers du spectacle. D\u2019abord artificier pendant plusieurs ann\u00e9es, il \u00e9volue progressivement vers des fonctions de coordination et de gestion de projet.<\/p>\n<p data-start=\"1482\" data-end=\"1530\">Mais au fond, tout avait commenc\u00e9 bien plus t\u00f4t.<\/p>\n<p data-start=\"1532\" data-end=\"1888\">Enfant d\u00e9j\u00e0, vers l\u2019\u00e2ge de 7 ou 8 ans, Julien \u00e9tait fascin\u00e9 par les feux d\u2019artifice. Dans le jardin de ses parents, il inventait ses propres spectacles, imaginait des chor\u00e9graphies m\u00ealant musique, lumi\u00e8re et mise en sc\u00e8ne. Une pratique spontan\u00e9e, presque instinctive, qui s\u2019est poursuivie jusqu\u2019\u00e0 ses 18 ans, moment o\u00f9 il devient artificier \u201cpour de vrai\u201d.<\/p>\n<p data-start=\"1890\" data-end=\"2113\">Cette continuit\u00e9 entre le jeu d\u2019enfance et le m\u00e9tier d\u2019aujourd\u2019hui \u00e9claire beaucoup de choses : chez Julien, la pyrotechnie n\u2019est pas seulement un univers professionnel, c\u2019est un langage qu\u2019il a tr\u00e8s t\u00f4t commenc\u00e9 \u00e0 habiter.<\/p>\n<p data-start=\"2115\" data-end=\"2325\">Depuis treize ans, il fait partie de l\u2019aventure ARTEVENTIA. Il y a d\u2019abord travaill\u00e9 comme artificier, avant d\u2019\u00e9voluer rapidement vers les fonctions de charg\u00e9 de projet et de r\u00e9gisseur qu\u2019il occupe aujourd\u2019hui.<\/p>\n<figure id=\"attachment_6658\" aria-describedby=\"caption-attachment-6658\" style=\"width: 800px\" class=\"wp-caption aligncenter\"><img fetchpriority=\"high\" decoding=\"async\" class=\"size-large wp-image-6658\" title=\"ARTEVENTIA Pont de Levallois Fr\u00e9d\u00e9ric Lepla WM06\" src=\"https:\/\/www.arteventia.fr\/wp-content\/uploads\/2026\/04\/ARTEVENTIA-Pont-de-Levallois-Frederic-Lepla-WM06-1024x683.webp\" alt=\"ARTEVENTIA Pont de Levallois Fr\u00e9d\u00e9ric Lepla WM06\" width=\"800\" height=\"534\" srcset=\"https:\/\/www.arteventia.fr\/wp-content\/uploads\/2026\/04\/ARTEVENTIA-Pont-de-Levallois-Frederic-Lepla-WM06-1024x683.webp 1024w, https:\/\/www.arteventia.fr\/wp-content\/uploads\/2026\/04\/ARTEVENTIA-Pont-de-Levallois-Frederic-Lepla-WM06-300x200.webp 300w, https:\/\/www.arteventia.fr\/wp-content\/uploads\/2026\/04\/ARTEVENTIA-Pont-de-Levallois-Frederic-Lepla-WM06-768x512.webp 768w, https:\/\/www.arteventia.fr\/wp-content\/uploads\/2026\/04\/ARTEVENTIA-Pont-de-Levallois-Frederic-Lepla-WM06-1536x1024.webp 1536w, https:\/\/www.arteventia.fr\/wp-content\/uploads\/2026\/04\/ARTEVENTIA-Pont-de-Levallois-Frederic-Lepla-WM06.webp 1920w\" sizes=\"(max-width: 800px) 100vw, 800px\" \/><figcaption id=\"caption-attachment-6658\" class=\"wp-caption-text\">Pont de Levallois &#8211; Photo Fr\u00e9d\u00e9ric Lepla<\/figcaption><\/figure>\n<h2 data-section-id=\"epy628\" data-start=\"2327\" data-end=\"2370\">Accompagner le spectacle de bout en bout<\/h2>\n<p data-start=\"2372\" data-end=\"2731\">Dans son r\u00f4le chez ARTEVENTIA, Julien intervient tr\u00e8s t\u00f4t dans le processus de cr\u00e9ation, d\u00e8s les premi\u00e8res discussions avec le client. Ce positionnement en amont lui permet de construire un projet coh\u00e9rent d\u00e8s son origine, en tenant compte \u00e0 la fois des envies formul\u00e9es, du cahier des charges, des contraintes techniques et de l\u2019identit\u00e9 m\u00eame de l\u2019\u00e9v\u00e9nement.<\/p>\n<p data-start=\"2733\" data-end=\"2945\">Il accompagne ainsi les clients dans la d\u00e9finition de leur projet artistique, participe \u00e0 la r\u00e9alisation des bandes-son, coordonne les \u00e9quipes techniques et reste impliqu\u00e9 jusqu\u2019\u00e0 la mise en \u0153uvre sur le terrain.<\/p>\n<p data-start=\"2947\" data-end=\"3006\">Ce qu\u2019il porte, en somme, c\u2019est la continuit\u00e9 du spectacle.<\/p>\n<p data-start=\"3008\" data-end=\"3242\">Faire en sorte qu\u2019une id\u00e9e formul\u00e9e en r\u00e9union, encore abstraite, prenne progressivement forme jusqu\u2019\u00e0 devenir une exp\u00e9rience v\u00e9cue par le public. Cela demande une vraie capacit\u00e9 de projection, mais aussi une organisation sans faille.<\/p>\n<h2 data-section-id=\"9borrq\" data-start=\"3244\" data-end=\"3293\">Entre cr\u00e9ativit\u00e9, rigueur et sens du collectif<\/h2>\n<p data-start=\"3295\" data-end=\"3671\">Ce qui passionne Julien dans son m\u00e9tier, c\u2019est d\u2019abord la diversit\u00e9 des projets. Aucun spectacle ne ressemble vraiment au pr\u00e9c\u00e9dent. Chaque cr\u00e9ation apporte ses enjeux, ses contraintes, son contexte, ses ambitions propres. Il aime cette possibilit\u00e9 de cr\u00e9er des moments uniques, mais aussi tout ce qui se vit en \u00e9quipe sur les diff\u00e9rents projets, en France comme \u00e0 l\u2019\u00e9tranger.<\/p>\n<p data-start=\"3673\" data-end=\"3969\">\u00c0 ses yeux, exercer ce m\u00e9tier suppose de r\u00e9unir plusieurs qualit\u00e9s fondamentales : \u00eatre cr\u00e9atif, rigoureux, organis\u00e9. Il faut aussi savoir g\u00e9rer une \u00e9quipe, anticiper les contraintes techniques, comprendre les enjeux artistiques et garder une vision d\u2019ensemble, m\u00eame dans des contextes complexes.<\/p>\n<p data-start=\"3971\" data-end=\"4220\">La partie la plus exigeante de son travail r\u00e9side justement dans cette gestion globale de l\u2019\u00e9v\u00e9nement. Technique, s\u00e9curit\u00e9, logistique, attentes du client : tout doit s\u2019articuler parfaitement le jour du spectacle. Rien ne peut \u00eatre laiss\u00e9 au hasard.<\/p>\n<figure id=\"attachment_6659\" aria-describedby=\"caption-attachment-6659\" style=\"width: 800px\" class=\"wp-caption aligncenter\"><img decoding=\"async\" class=\"size-large wp-image-6659\" title=\"ARTEVENTIA Magie sur le Lac Frozen Fr\u00e9d\u00e9ric Lepla WM09\" src=\"https:\/\/www.arteventia.fr\/wp-content\/uploads\/2026\/04\/ARTEVENTIA-Magie-sur-le-Lac-Frozen-Frederic-Lepla-WM09-1024x576.webp\" alt=\"ARTEVENTIA Magie sur le Lac Frozen Fr\u00e9d\u00e9ric Lepla WM09\" width=\"800\" height=\"450\" srcset=\"https:\/\/www.arteventia.fr\/wp-content\/uploads\/2026\/04\/ARTEVENTIA-Magie-sur-le-Lac-Frozen-Frederic-Lepla-WM09-1024x576.webp 1024w, https:\/\/www.arteventia.fr\/wp-content\/uploads\/2026\/04\/ARTEVENTIA-Magie-sur-le-Lac-Frozen-Frederic-Lepla-WM09-300x169.webp 300w, https:\/\/www.arteventia.fr\/wp-content\/uploads\/2026\/04\/ARTEVENTIA-Magie-sur-le-Lac-Frozen-Frederic-Lepla-WM09-768x432.webp 768w, https:\/\/www.arteventia.fr\/wp-content\/uploads\/2026\/04\/ARTEVENTIA-Magie-sur-le-Lac-Frozen-Frederic-Lepla-WM09-1536x864.webp 1536w, https:\/\/www.arteventia.fr\/wp-content\/uploads\/2026\/04\/ARTEVENTIA-Magie-sur-le-Lac-Frozen-Frederic-Lepla-WM09.webp 1920w\" sizes=\"(max-width: 800px) 100vw, 800px\" \/><figcaption id=\"caption-attachment-6659\" class=\"wp-caption-text\">Magie sur le Lac, Frozen \u00e9dition &#8211; Photo Fr\u00e9d\u00e9ric Lepla<\/figcaption><\/figure>\n<h2 data-section-id=\"1knhcld\" data-start=\"4222\" data-end=\"4282\">Des souvenirs de terrain, entre r\u00eave accompli et d\u00e9mesure<\/h2>\n<p data-start=\"4284\" data-end=\"4646\">Parmi les spectacles r\u00e9alis\u00e9s avec ARTEVENTIA, Julien \u00e9voque plusieurs souvenirs marquants, notamment sur des \u00e9v\u00e9nements internationaux. Plus r\u00e9cemment, la F\u00eate du Lac d\u2019Annecy l\u2019a particuli\u00e8rement impressionn\u00e9 par ses dimensions hors norme. Ce type de projet pousse les \u00e9quipes \u00e0 se d\u00e9passer et inscrit durablement l\u2019exp\u00e9rience dans une m\u00e9moire professionnelle.<\/p>\n<p data-start=\"4648\" data-end=\"4842\">Mais le moment o\u00f9 l\u2019\u00e9motion a v\u00e9ritablement pris le dessus reste pour lui Montr\u00e9al, et son concours si convoit\u00e9. Un rendez-vous \u00e0 part, charg\u00e9 d\u2019enjeu, de d\u00e9sir, de projection personnelle aussi.<\/p>\n<p data-start=\"4844\" data-end=\"5170\">Il cite \u00e9galement parmi ses souvenirs forts son premier grand voyage pour un concours \u00e0 Macao, puis les spectacles dans la baie de Cannes, en Arabie Saoudite ou encore au Vietnam. Chacun de ces \u00e9v\u00e9nements repr\u00e9sente plus qu\u2019une simple r\u00e9alisation : ce sont des \u00e9tapes, des exp\u00e9riences, des paysages \u00e9motionnels li\u00e9s au m\u00e9tier.<\/p>\n<p data-start=\"5172\" data-end=\"5456\">S\u2019il appr\u00e9cie aussi bien les grandes sc\u00e8nes internationales que les spectacles plus intimistes, il reconna\u00eet que chacune offre une relation diff\u00e9rente au public. Les premi\u00e8res impressionnent par leur ampleur, les seconds permettent parfois une proximit\u00e9 plus sensible et plus directe.<\/p>\n<h2 data-section-id=\"hlvnle\" data-start=\"5458\" data-end=\"5505\">Une certaine id\u00e9e de la signature ARTEVENTIA<\/h2>\n<p data-start=\"5507\" data-end=\"5877\">Pour Julien, la signature artistique d\u2019ARTEVENTIA repose sur une combinaison de cr\u00e9ativit\u00e9, de pr\u00e9cision technique et de recherche d\u2019\u00e9motion. Trois dimensions qui, selon lui, ne peuvent \u00eatre dissoci\u00e9es. Un beau spectacle ne se limite ni \u00e0 la performance visuelle, ni \u00e0 la qualit\u00e9 d\u2019ex\u00e9cution : il doit produire une exp\u00e9rience coh\u00e9rente, pens\u00e9e dans les moindres d\u00e9tails.<\/p>\n<p data-start=\"5879\" data-end=\"6099\">Ce qui distingue les spectacles de la compagnie, \u00e0 ses yeux, c\u2019est cette capacit\u00e9 \u00e0 s\u2019adapter \u00e0 chaque projet et \u00e0 cr\u00e9er du sur-mesure, en maintenant toujours un haut niveau d\u2019exigence, \u00e0 la fois artistique et technique.<\/p>\n<p data-start=\"6101\" data-end=\"6458\">Sur l\u2019\u00e9volution du spectacle pyrotechnique, Julien voit se dessiner des formats de plus en plus hybrides, int\u00e9grant de nouvelles technologies et des mises en sc\u00e8ne toujours plus immersives. Les drones, la lumi\u00e8re, les lasers, les dispositifs compl\u00e9mentaires ouvrent selon lui de nouvelles possibilit\u00e9s cr\u00e9atives et viennent enrichir le langage du spectacle.<\/p>\n<p data-start=\"6460\" data-end=\"6574\">Pour autant, ce qui l\u2019int\u00e9resse n\u2019est pas la nouveaut\u00e9 pour elle-m\u00eame, mais ce qu\u2019elle permet de raconter de plus.<\/p>\n<figure id=\"attachment_6660\" aria-describedby=\"caption-attachment-6660\" style=\"width: 800px\" class=\"wp-caption aligncenter\"><img decoding=\"async\" class=\"size-large wp-image-6660\" title=\"ARTEVENTIA Festival Malte 2025 Frederic LEPLA WM02\" src=\"https:\/\/www.arteventia.fr\/wp-content\/uploads\/2026\/04\/ARTEVENTIA-Festival-Malte-2025-Frederic-LEPLA-WM02-1024x576.webp\" alt=\"ARTEVENTIA Festival Malte 2025 Frederic LEPLA WM02\" width=\"800\" height=\"450\" srcset=\"https:\/\/www.arteventia.fr\/wp-content\/uploads\/2026\/04\/ARTEVENTIA-Festival-Malte-2025-Frederic-LEPLA-WM02-1024x576.webp 1024w, https:\/\/www.arteventia.fr\/wp-content\/uploads\/2026\/04\/ARTEVENTIA-Festival-Malte-2025-Frederic-LEPLA-WM02-300x169.webp 300w, https:\/\/www.arteventia.fr\/wp-content\/uploads\/2026\/04\/ARTEVENTIA-Festival-Malte-2025-Frederic-LEPLA-WM02-768x432.webp 768w, https:\/\/www.arteventia.fr\/wp-content\/uploads\/2026\/04\/ARTEVENTIA-Festival-Malte-2025-Frederic-LEPLA-WM02-1536x864.webp 1536w, https:\/\/www.arteventia.fr\/wp-content\/uploads\/2026\/04\/ARTEVENTIA-Festival-Malte-2025-Frederic-LEPLA-WM02.webp 1920w\" sizes=\"(max-width: 800px) 100vw, 800px\" \/><figcaption id=\"caption-attachment-6660\" class=\"wp-caption-text\">Festival Malte &#8211; Photo Fr\u00e9d\u00e9ric Lepla<\/figcaption><\/figure>\n<h2 data-section-id=\"mhc3ds\" data-start=\"6576\" data-end=\"6603\">Une maison de passionn\u00e9s<\/h2>\n<p data-start=\"6605\" data-end=\"6892\">Ce que Julien appr\u00e9cie le plus dans le travail d\u2019\u00e9quipe chez ARTEVENTIA, c\u2019est la collaboration entre des personnes profond\u00e9ment investies dans leur m\u00e9tier. Chacun apporte son savoir-faire, son exp\u00e9rience, sa sensibilit\u00e9, et c\u2019est cette compl\u00e9mentarit\u00e9 qui rend les spectacles possibles.<\/p>\n<p data-start=\"6894\" data-end=\"7184\">Il d\u00e9crit ARTEVENTIA comme une maison o\u00f9 la passion du spectacle est tr\u00e8s pr\u00e9sente, avec un esprit d\u2019\u00e9quipe fort et une implication sinc\u00e8re dans les projets. Il parle m\u00eame d\u2019une seconde famille. Une formule qui dit \u00e0 la fois l\u2019intensit\u00e9 du lien humain et la force de l\u2019engagement collectif.<\/p>\n<p data-start=\"7186\" data-end=\"7371\">Dans un m\u00e9tier o\u00f9 les projets sont exigeants, les rythmes soutenus et les responsabilit\u00e9s importantes, cette qualit\u00e9 humaine n\u2019est pas un d\u00e9tail : elle est une condition de la r\u00e9ussite.<\/p>\n<h2 data-section-id=\"xskftd\" data-start=\"7373\" data-end=\"7412\">Voir les mois de travail prendre vie<\/h2>\n<p data-start=\"7414\" data-end=\"7554\">S\u2019il devait r\u00e9sumer son m\u00e9tier en une phrase, Julien dirait : <strong data-start=\"7476\" data-end=\"7554\">\u201cTransformer une id\u00e9e en un moment de spectacle qui va marquer le public.\u201d<\/strong><\/p>\n<p data-start=\"7556\" data-end=\"7743\">Cette phrase r\u00e9sume parfaitement sa place dans la cha\u00eene de cr\u00e9ation. \u00catre celui qui accompagne une intuition, une envie, un projet, jusqu\u2019\u00e0 sa forme la plus concr\u00e8te et la plus sensible.<\/p>\n<p data-start=\"7745\" data-end=\"8072\">Lorsque le spectacle commence et que le public d\u00e9couvre le r\u00e9sultat, il ressent un m\u00e9lange tr\u00e8s caract\u00e9ristique de stress, d\u2019excitation et de satisfaction. En quelques minutes, ce sont des mois de travail qui prennent vie. Ce basculement, entre la pr\u00e9paration et l\u2019instant v\u00e9cu, reste l\u2019un des moments les plus forts du m\u00e9tier.<\/p>\n<p data-start=\"8074\" data-end=\"8418\">En dehors des spectacles, Julien aime voyager et assister \u00e0 des concerts. Deux activit\u00e9s qui nourrissent aussi son imaginaire et participent \u00e0 sa mani\u00e8re de penser de nouveaux spectacles. Voir ailleurs, \u00e9couter autrement, d\u00e9couvrir d\u2019autres formes d\u2019\u00e9motion collective : autant de sources d\u2019inspiration qui prolongent naturellement son travail.<\/p>\n<p data-start=\"8420\" data-end=\"8506\">Pour d\u00e9crire ARTEVENTIA en trois mots, il choisit : <strong data-start=\"8472\" data-end=\"8505\">cr\u00e9ativit\u00e9, exigence, passion<\/strong>.<\/p>\n<p data-start=\"8508\" data-end=\"8597\">Trois mots simples, mais qui r\u00e9sument assez bien son rapport au m\u00e9tier comme \u00e0 la maison.<\/p>\n<p data-start=\"8508\" data-end=\"8597\"><strong data-start=\"9230\" data-end=\"9240\">Profil<\/strong><br data-start=\"9240\" data-end=\"9243\" \/><strong data-start=\"9243\" data-end=\"9262\">Julien Delaveau<\/strong><br data-start=\"9262\" data-end=\"9265\" \/><em data-start=\"9265\" data-end=\"9283\">Charg\u00e9 de projet<\/em><br data-start=\"9283\" data-end=\"9286\" \/>Charg\u00e9 de projet chez ARTEVENTIA, il accompagne la cr\u00e9ation des spectacles de la conception artistique \u00e0 la r\u00e9alisation terrain, en associant \u00e9coute du client, rigueur d\u2019organisation et sens de l\u2019\u00e9motion spectaculaire.<\/p>\n<p data-start=\"8508\" data-end=\"8597\">A lire \u00e9galement :<\/p>\n<blockquote class=\"wp-embedded-content\" data-secret=\"WALrGXzdHi\"><p><a href=\"https:\/\/www.arteventia.fr\/adrien-teixeira\/\">Adrien Teixeira, la rigueur du terrain au service de l\u2019\u00e9motion<\/a><\/p><\/blockquote>\n<p><iframe class=\"wp-embedded-content\" sandbox=\"allow-scripts\" security=\"restricted\" style=\"position: absolute; visibility: hidden;\" title=\"\u00ab\u00a0Adrien Teixeira, la rigueur du terrain au service de l\u2019\u00e9motion\u00a0\u00bb &#8212; Arteventia\" src=\"https:\/\/www.arteventia.fr\/adrien-teixeira\/embed\/#?secret=OetszC3JAb#?secret=WALrGXzdHi\" data-secret=\"WALrGXzdHi\" width=\"600\" height=\"338\" frameborder=\"0\" marginwidth=\"0\" marginheight=\"0\" scrolling=\"no\"><\/iframe><\/p>\n","protected":false},"excerpt":{"rendered":"<p>Julien Delaveau, transformer une id\u00e9e en moment de spectacle Dans les m\u00e9tiers du spectacle pyrotechnique, certains r\u00f4les demandent de savoir tenir ensemble plusieurs r\u00e9alit\u00e9s \u00e0 la fois : l\u2019\u00e9coute du client, la vision artistique, la coordination des \u00e9quipes, la pr\u00e9cision technique, la logistique, la s\u00e9curit\u00e9\u2026 Julien Delaveau \u00e9volue pr\u00e9cis\u00e9ment \u00e0 cette jonction. Chez ARTEVENTIA, il [&hellip;]<\/p>\n","protected":false},"author":2,"featured_media":6656,"comment_status":"closed","ping_status":"closed","sticky":false,"template":"","format":"standard","meta":{"_seopress_robots_primary_cat":"none","_seopress_titles_title":"Julien Delaveau : charg\u00e9 de projet spectacle pyrotechnique","_seopress_titles_desc":"D\u00e9couvrez le portrait de Julien Delaveau, charg\u00e9 de projet chez ARTEVENTIA, entre conception artistique, coordination de terrain et cr\u00e9ation de spectacles pyrotechniques sur mesure.","_seopress_robots_index":"","footnotes":""},"categories":[80,101],"tags":[138,309,314,315,316,265,269,304,112,270,317,307],"class_list":["post-6654","post","type-post","status-publish","format-standard","has-post-thumbnail","hentry","category-insights-into-creation","category-les-visages-de-la-creation","tag-arteventia","tag-behind-the-scenes","tag-coordination-de-spectacle","tag-creation-evenementielle","tag-julien-delaveau","tag-metier-du-spectacle","tag-portrait-dequipe","tag-project-manager","tag-pyrotechnic-show","tag-pyrotechnie","tag-regie-spectacle","tag-show-production"],"_links":{"self":[{"href":"https:\/\/www.arteventia.fr\/en\/wp-json\/wp\/v2\/posts\/6654","targetHints":{"allow":["GET"]}}],"collection":[{"href":"https:\/\/www.arteventia.fr\/en\/wp-json\/wp\/v2\/posts"}],"about":[{"href":"https:\/\/www.arteventia.fr\/en\/wp-json\/wp\/v2\/types\/post"}],"author":[{"embeddable":true,"href":"https:\/\/www.arteventia.fr\/en\/wp-json\/wp\/v2\/users\/2"}],"replies":[{"embeddable":true,"href":"https:\/\/www.arteventia.fr\/en\/wp-json\/wp\/v2\/comments?post=6654"}],"version-history":[{"count":1,"href":"https:\/\/www.arteventia.fr\/en\/wp-json\/wp\/v2\/posts\/6654\/revisions"}],"predecessor-version":[{"id":6661,"href":"https:\/\/www.arteventia.fr\/en\/wp-json\/wp\/v2\/posts\/6654\/revisions\/6661"}],"wp:featuredmedia":[{"embeddable":true,"href":"https:\/\/www.arteventia.fr\/en\/wp-json\/wp\/v2\/media\/6656"}],"wp:attachment":[{"href":"https:\/\/www.arteventia.fr\/en\/wp-json\/wp\/v2\/media?parent=6654"}],"wp:term":[{"taxonomy":"category","embeddable":true,"href":"https:\/\/www.arteventia.fr\/en\/wp-json\/wp\/v2\/categories?post=6654"},{"taxonomy":"post_tag","embeddable":true,"href":"https:\/\/www.arteventia.fr\/en\/wp-json\/wp\/v2\/tags?post=6654"}],"curies":[{"name":"wp","href":"https:\/\/api.w.org\/{rel}","templated":true}]}}