{"id":6082,"date":"2026-03-14T08:00:18","date_gmt":"2026-03-14T07:00:18","guid":{"rendered":"https:\/\/www.arteventia.fr\/?p=6082"},"modified":"2026-03-14T12:02:53","modified_gmt":"2026-03-14T11:02:53","slug":"frederic-lepla-capturing-the-moment-and-extending-the-magic-of-fire","status":"publish","type":"post","link":"https:\/\/www.arteventia.fr\/en\/frederic-lepla-capturing-the-moment-and-extending-the-magic-of-fire\/","title":{"rendered":"Fr\u00e9d\u00e9ric Lepla, capturing the moment and extending the magic of fire"},"content":{"rendered":"<h2 data-section-id=\"qc155t\" data-start=\"922\" data-end=\"988\">Fr\u00e9d\u00e9ric Lepla, capturing the moment and extending the magic of fire<\/h2>\n<p data-start=\"990\" data-end=\"1120\">A pyrotechnic show lasts only a few minutes.<br data-start=\"1046\" data-end=\"1049\">Once the last spark fades, only memories remain.<\/p>\n<p data-start=\"1122\" data-end=\"1151\">And sometimes, a photograph.<\/p>\n<p data-start=\"1153\" data-end=\"1374\">For several years, photographer <a href=\"https:\/\/www.fredericlepla.com\/\"><strong data-start=\"1193\" data-end=\"1211\">Fr\u00e9d\u00e9ric Lepla<\/strong><\/a> has accompanied certain ARTEVENTIA shows, capturing their most striking images. His perspective extends the emotion of a naturally ephemeral moment. <\/p>\n<p data-start=\"1376\" data-end=\"1546\">Through his photographs, light becomes matter, the pyrotechnic composition transforms into a painting, and the show continues to exist long after the final shot.<\/p>\n<figure id=\"attachment_6073\" aria-describedby=\"caption-attachment-6073\" style=\"width: 800px\" class=\"wp-caption aligncenter\"><img fetchpriority=\"high\" decoding=\"async\" class=\"wp-image-6073 size-large\" title=\"Fr\u00e9d\u00e9ric LEPLA\" src=\"https:\/\/www.arteventia.fr\/wp-content\/uploads\/2026\/03\/Frederic-LEPLA-1024x683.webp\" alt=\"Fr\u00e9d\u00e9ric LEPLA\" width=\"800\" height=\"534\" srcset=\"https:\/\/www.arteventia.fr\/wp-content\/uploads\/2026\/03\/Frederic-LEPLA-1024x683.webp 1024w, https:\/\/www.arteventia.fr\/wp-content\/uploads\/2026\/03\/Frederic-LEPLA-300x200.webp 300w, https:\/\/www.arteventia.fr\/wp-content\/uploads\/2026\/03\/Frederic-LEPLA-768x512.webp 768w, https:\/\/www.arteventia.fr\/wp-content\/uploads\/2026\/03\/Frederic-LEPLA-1536x1024.webp 1536w, https:\/\/www.arteventia.fr\/wp-content\/uploads\/2026\/03\/Frederic-LEPLA-2048x1365.webp 2048w\" sizes=\"(max-width: 800px) 100vw, 800px\" \/><figcaption id=\"caption-attachment-6073\" class=\"wp-caption-text\">Fr\u00e9d\u00e9ric LEPLA<\/figcaption><\/figure>\n<h2 data-section-id=\"1xxppg4\" data-start=\"1553\" data-end=\"1597\">A passion for photography above all else<\/h2>\n<p data-start=\"1599\" data-end=\"1784\">Fr\u00e9d\u00e9ric Lepla did not come to pyrotechnics by chance. A professional photographer, he initially worked in event photography, particularly wedding photography. <\/p>\n<p data-start=\"1786\" data-end=\"1936\">Over time, the desire to diversify his perspective and subjects naturally led him to other visual worlds: shows, events, light.<\/p>\n<p data-start=\"1938\" data-end=\"2084\">His encounter with firework photography happened almost by chance, during a family outing to <a href=\"https:\/\/ambleteuse.org\/\"><strong data-start=\"2048\" data-end=\"2062\">Ambleteuse<\/strong><\/a>, on the Opal Coast.<\/p>\n<p data-start=\"2086\" data-end=\"2159\">That evening, he photographed the August 15th fireworks launched from Fort Vauban.<\/p>\n<p data-start=\"2161\" data-end=\"2202\">The experience was immediately striking.<\/p>\n<h2 data-section-id=\"1lgtoc4\" data-start=\"2209\" data-end=\"2236\">Photographing light<\/h2>\n<p data-start=\"2238\" data-end=\"2303\">Photographing fireworks is a very particular exercise.<\/p>\n<p data-start=\"2305\" data-end=\"2441\">Unlike video, which captures an extremely short moment, pyrotechnic photography often relies on <a href=\"https:\/\/fr.wikipedia.org\/wiki\/Pose_longue_(photographie)\"><strong data-start=\"2425\" data-end=\"2440\">long exposure<\/strong><\/a>.<\/p>\n<p data-start=\"2443\" data-end=\"2583\">For a few seconds, the camera sensor records the complete trajectory of the product: the ascent, the explosion, and the fallout.<\/p>\n<p data-start=\"2585\" data-end=\"2625\">This technique transforms the show.<\/p>\n<blockquote data-start=\"2627\" data-end=\"2782\">\n<p data-start=\"2629\" data-end=\"2782\">&#8220;We cheat a little, and we magnify the show. Long exposure allows us to capture the entire trajectory of the product and its full explosion on the digital film.&#8221;<\/p>\n<\/blockquote>\n<p data-start=\"2784\" data-end=\"2862\">The final image is no longer just a moment: it becomes a composition.<\/p>\n<figure id=\"attachment_6194\" aria-describedby=\"caption-attachment-6194\" style=\"width: 800px\" class=\"wp-caption aligncenter\"><img decoding=\"async\" class=\"wp-image-6194 size-large\" title=\"ARTEVENTIA Oziris Peur sur le Parc Fr\u00e9d\u00e9ric Lepla\" src=\"https:\/\/www.arteventia.fr\/wp-content\/uploads\/2026\/03\/ARTEVENTIA-Oziris-Peur-sur-le-Parc-Frederic-Lepla-1024x576.webp\" alt=\"ARTEVENTIA Oziris Peur sur le Parc Fr\u00e9d\u00e9ric Lepla\" width=\"800\" height=\"450\" srcset=\"https:\/\/www.arteventia.fr\/wp-content\/uploads\/2026\/03\/ARTEVENTIA-Oziris-Peur-sur-le-Parc-Frederic-Lepla-1024x576.webp 1024w, https:\/\/www.arteventia.fr\/wp-content\/uploads\/2026\/03\/ARTEVENTIA-Oziris-Peur-sur-le-Parc-Frederic-Lepla-300x169.webp 300w, https:\/\/www.arteventia.fr\/wp-content\/uploads\/2026\/03\/ARTEVENTIA-Oziris-Peur-sur-le-Parc-Frederic-Lepla-768x432.webp 768w, https:\/\/www.arteventia.fr\/wp-content\/uploads\/2026\/03\/ARTEVENTIA-Oziris-Peur-sur-le-Parc-Frederic-Lepla-1536x864.webp 1536w, https:\/\/www.arteventia.fr\/wp-content\/uploads\/2026\/03\/ARTEVENTIA-Oziris-Peur-sur-le-Parc-Frederic-Lepla.webp 1920w\" sizes=\"(max-width: 800px) 100vw, 800px\" \/><figcaption id=\"caption-attachment-6194\" class=\"wp-caption-text\">Oziris Peur sur le Parc &#8211; Photo by Fr\u00e9d\u00e9ric Lepla<\/figcaption><\/figure>\n<h2 data-section-id=\"yh65hs\" data-start=\"2869\" data-end=\"2897\">Between poetry and power<\/h2>\n<p data-start=\"2899\" data-end=\"3002\">When photographing a show, Fr\u00e9d\u00e9ric Lepla seeks to capture two complementary dimensions.<\/p>\n<p data-start=\"3004\" data-end=\"3064\">The raw power of fire\u2026 and the poetry it can produce.<\/p>\n<p data-start=\"3066\" data-end=\"3306\">Certain effects require long exposure times, particularly cascades or falling leaf effects. Others, like very dense final bouquets, require shorter exposure times to preserve image readability. <\/p>\n<p data-start=\"3308\" data-end=\"3384\">Each photograph then becomes a balance between technique and sensation.<\/p>\n<h2 data-section-id=\"17qr3yt\" data-start=\"3391\" data-end=\"3417\">A landscape before the fire<\/h2>\n<p data-start=\"3419\" data-end=\"3571\">Unlike many photographers passionate about pyrotechnics, Fr\u00e9d\u00e9ric Lepla does not solely seek to immortalize explosions in the sky.<\/p>\n<p data-start=\"3573\" data-end=\"3624\">His approach is that of a landscape photographer.<\/p>\n<p data-start=\"3626\" data-end=\"3769\">According to him, a successful <a href=\"https:\/\/www.arteventia.fr\/en\/our-worlds\/private-fireworks-and-celebrations\/\">fireworks<\/a> photograph first begins with the setting: a monument, an emblematic building, or a striking landscape.<\/p>\n<p data-start=\"3771\" data-end=\"3833\">The pyrotechnic composition then enhances this backdrop.<\/p>\n<blockquote data-start=\"3835\" data-end=\"4002\">\n<p data-start=\"3837\" data-end=\"4002\">&#8220;For me, a good fireworks photo is first and foremost a landscape photo with a strong symbol of the place, sublimated by the pyrotechnic composition in the sky.&#8221;<\/p>\n<\/blockquote>\n<figure id=\"attachment_6076\" aria-describedby=\"caption-attachment-6076\" style=\"width: 800px\" class=\"wp-caption aligncenter\"><img decoding=\"async\" class=\"wp-image-6076 size-large\" title=\"ARTEVENTIA 500 YEARS OF CHAMORD FREDERIC LEPLA\" src=\"https:\/\/www.arteventia.fr\/wp-content\/uploads\/2026\/03\/ARTEVENTIA-500-ans-Chambord-Frederic-Lepla-WM11-1024x576.webp\" alt=\"ARTEVENTIA 500 years Chambord Fr\u00e9d\u00e9ric Lepla WM11\" width=\"800\" height=\"450\" srcset=\"https:\/\/www.arteventia.fr\/wp-content\/uploads\/2026\/03\/ARTEVENTIA-500-ans-Chambord-Frederic-Lepla-WM11-1024x576.webp 1024w, https:\/\/www.arteventia.fr\/wp-content\/uploads\/2026\/03\/ARTEVENTIA-500-ans-Chambord-Frederic-Lepla-WM11-300x169.webp 300w, https:\/\/www.arteventia.fr\/wp-content\/uploads\/2026\/03\/ARTEVENTIA-500-ans-Chambord-Frederic-Lepla-WM11-768x432.webp 768w, https:\/\/www.arteventia.fr\/wp-content\/uploads\/2026\/03\/ARTEVENTIA-500-ans-Chambord-Frederic-Lepla-WM11-1536x864.webp 1536w, https:\/\/www.arteventia.fr\/wp-content\/uploads\/2026\/03\/ARTEVENTIA-500-ans-Chambord-Frederic-Lepla-WM11.webp 1920w\" sizes=\"(max-width: 800px) 100vw, 800px\" \/><figcaption id=\"caption-attachment-6076\" class=\"wp-caption-text\">The 500th Anniversary of the Ch\u00e2teau de Chambord &#8211; Photo by Fr\u00e9d\u00e9ric Lepla<\/figcaption><\/figure>\n<h2 data-section-id=\"14u0fgu\" data-start=\"4009\" data-end=\"4039\">Anticipating the show<\/h2>\n<p data-start=\"4041\" data-end=\"4118\">Photographing a show also requires an understanding of its dramaturgy.<\/p>\n<p data-start=\"4120\" data-end=\"4242\">Fr\u00e9d\u00e9ric Lepla anticipates key moments, seeks to understand the designer&#8217;s intentions, and positions himself in the right place.<\/p>\n<p data-start=\"4244\" data-end=\"4303\">Anticipation is essential to capture the precise moment.<\/p>\n<p data-start=\"4305\" data-end=\"4416\">But once the show begins, he also enjoys becoming a simple spectator again and letting himself be carried away by the emotion.<\/p>\n<h2 data-section-id=\"wondw2\" data-start=\"4423\" data-end=\"4456\">Montreal, a memorable experience<\/h2>\n<p data-start=\"4458\" data-end=\"4572\">Among the shows he has photographed with ARTEVENTIA, the one in <a href=\"https:\/\/www.arteventia.fr\/en\/our-greats-moments\/les-feux-de-la-ronde-montreal-gold-medal\/\"><strong data-start=\"4527\" data-end=\"4539\">Montreal<\/strong><\/a> remains particularly striking.<\/p>\n<p data-start=\"4574\" data-end=\"4701\">The site of <a href=\"https:\/\/www.sixflags.com\/laronde\"><strong data-start=\"4607\" data-end=\"4619\">La Ronde<\/strong><\/a> amusement park, with its illuminated rides and unique atmosphere, offers a spectacular setting.<\/p>\n<p data-start=\"4703\" data-end=\"4808\">The international competition held there is often considered one of the most prestigious in the world.<\/p>\n<blockquote data-start=\"4810\" data-end=\"4897\">\n<p data-start=\"4812\" data-end=\"4897\">&#8220;Montreal is an iconic site. A true grail of pyrotechnic competitions.&#8221;<\/p>\n<\/blockquote>\n<figure id=\"attachment_6075\" aria-describedby=\"caption-attachment-6075\" style=\"width: 800px\" class=\"wp-caption aligncenter\"><img loading=\"lazy\" decoding=\"async\" class=\"wp-image-6075 size-large\" title=\"ARTEVENTIA LA RONDE MONTREAL Fr\u00e9d\u00e9ric LEPLA . com LD\" src=\"https:\/\/www.arteventia.fr\/wp-content\/uploads\/2026\/03\/ARTEVENTIA-La-Ronde-Montreal-27.07.2024-Frederic-LEPLA-.-com-WM10-1024x576.webp\" alt=\"ARTEVENTIA La Ronde Montreal 27.07.2024 Fr\u00e9d\u00e9ric LEPLA . com WM10\" width=\"800\" height=\"450\" srcset=\"https:\/\/www.arteventia.fr\/wp-content\/uploads\/2026\/03\/ARTEVENTIA-La-Ronde-Montreal-27.07.2024-Frederic-LEPLA-.-com-WM10-1024x576.webp 1024w, https:\/\/www.arteventia.fr\/wp-content\/uploads\/2026\/03\/ARTEVENTIA-La-Ronde-Montreal-27.07.2024-Frederic-LEPLA-.-com-WM10-300x169.webp 300w, https:\/\/www.arteventia.fr\/wp-content\/uploads\/2026\/03\/ARTEVENTIA-La-Ronde-Montreal-27.07.2024-Frederic-LEPLA-.-com-WM10-768x432.webp 768w, https:\/\/www.arteventia.fr\/wp-content\/uploads\/2026\/03\/ARTEVENTIA-La-Ronde-Montreal-27.07.2024-Frederic-LEPLA-.-com-WM10-1536x864.webp 1536w, https:\/\/www.arteventia.fr\/wp-content\/uploads\/2026\/03\/ARTEVENTIA-La-Ronde-Montreal-27.07.2024-Frederic-LEPLA-.-com-WM10.webp 1920w\" sizes=\"(max-width: 800px) 100vw, 800px\" \/><figcaption id=\"caption-attachment-6075\" class=\"wp-caption-text\">La Ronde Montreal &#8211; Photo by Fr\u00e9d\u00e9ric Lepla<\/figcaption><\/figure>\n<h2 data-section-id=\"13bjjaq\" data-start=\"4904\" data-end=\"4943\">Technique at the service of the moment<\/h2>\n<p data-start=\"4945\" data-end=\"5008\">Pyrotechnic photography requires meticulous preparation.<\/p>\n<p data-start=\"5010\" data-end=\"5106\">Tripod stability, choice of viewpoint, wind direction, weather: every parameter counts.<\/p>\n<p data-start=\"5108\" data-end=\"5220\">Fr\u00e9d\u00e9ric Lepla sometimes uses several cameras simultaneously to capture different visions of the show.<\/p>\n<p data-start=\"5222\" data-end=\"5310\">But despite all this preparation, the most difficult element always remains the same.<\/p>\n<p data-start=\"5312\" data-end=\"5322\">The moment.<\/p>\n<p data-start=\"5324\" data-end=\"5435\">Understanding the exact moment when the image must be captured to convey the artistic intention of the show.<\/p>\n<h2 data-section-id=\"17b3oe5\" data-start=\"5442\" data-end=\"5479\">Photographing collective emotion<\/h2>\n<p data-start=\"5481\" data-end=\"5602\">When photographing a show in front of thousands of spectators, the dominant feeling is one of privilege.<\/p>\n<p data-start=\"5604\" data-end=\"5708\">Certain events, such as <a href=\"https:\/\/www.arteventia.fr\/nos-grands-moments\/fete-du-lac-2025-ode-a-la-lune-par-arteventia-2\/\">the F\u00eate du lac d\u2019Annecy<\/a>, offer exceptional observation positions.<\/p>\n<blockquote data-start=\"5710\" data-end=\"5795\">\n<p data-start=\"5712\" data-end=\"5795\">&#8220;We feel privileged. It is a great source of pride to be able to capture these moments.&#8221;<\/p>\n<\/blockquote>\n<figure id=\"attachment_6193\" aria-describedby=\"caption-attachment-6193\" style=\"width: 800px\" class=\"wp-caption aligncenter\"><img loading=\"lazy\" decoding=\"async\" class=\"wp-image-6193 size-large\" title=\"ARTEVENTIA Opening Fireworks Les Masters de Feu Fr\u00e9d\u00e9ric LEPLA\" src=\"https:\/\/www.arteventia.fr\/wp-content\/uploads\/2026\/03\/ARTEVENTIA-Feu-douverture-Masters-de-Feu-Frederic-LEPLA-1024x683.webp\" alt=\"ARTEVENTIA Opening Fireworks Les Masters de Feu Fr\u00e9d\u00e9ric LEPLA\" width=\"800\" height=\"534\" srcset=\"https:\/\/www.arteventia.fr\/wp-content\/uploads\/2026\/03\/ARTEVENTIA-Feu-douverture-Masters-de-Feu-Frederic-LEPLA-1024x683.webp 1024w, https:\/\/www.arteventia.fr\/wp-content\/uploads\/2026\/03\/ARTEVENTIA-Feu-douverture-Masters-de-Feu-Frederic-LEPLA-300x200.webp 300w, https:\/\/www.arteventia.fr\/wp-content\/uploads\/2026\/03\/ARTEVENTIA-Feu-douverture-Masters-de-Feu-Frederic-LEPLA-768x512.webp 768w, https:\/\/www.arteventia.fr\/wp-content\/uploads\/2026\/03\/ARTEVENTIA-Feu-douverture-Masters-de-Feu-Frederic-LEPLA-1536x1024.webp 1536w, https:\/\/www.arteventia.fr\/wp-content\/uploads\/2026\/03\/ARTEVENTIA-Feu-douverture-Masters-de-Feu-Frederic-LEPLA.webp 1920w\" sizes=\"(max-width: 800px) 100vw, 800px\" \/><figcaption id=\"caption-attachment-6193\" class=\"wp-caption-text\">Les Masters de Feu &#8211; Photo by Fr\u00e9d\u00e9ric Lepla<\/figcaption><\/figure>\n<h2 data-section-id=\"1aar1rl\" data-start=\"5802\" data-end=\"5838\">A visual memory of the show<\/h2>\n<p data-start=\"5840\" data-end=\"5883\">Photography possesses a unique quality.<\/p>\n<p data-start=\"5885\" data-end=\"5950\">It freezes a moment that would otherwise disappear immediately.<\/p>\n<p data-start=\"5952\" data-end=\"6090\">For nearly two centuries, photography has remained one of the primary means of preserving the visual memory of an event.<\/p>\n<blockquote data-start=\"6092\" data-end=\"6195\">\n<p data-start=\"6094\" data-end=\"6195\">&#8220;Photography remains the reference element for remembering this poetry of ephemeral stars.&#8221;<\/p>\n<\/blockquote>\n<p data-start=\"6197\" data-end=\"6247\">Video reproduces the show as it is experienced.<\/p>\n<p data-start=\"6249\" data-end=\"6284\">Photography, on the other hand, magnifies it.<\/p>\n<h2 data-section-id=\"hh32w4\" data-start=\"6291\" data-end=\"6323\">The transmission of a passion<\/h2>\n<p data-start=\"6325\" data-end=\"6382\">Photography has also become a family adventure.<\/p>\n<p data-start=\"6384\" data-end=\"6513\">For several years, Fr\u00e9d\u00e9ric Lepla has shared this passion with his son <strong data-start=\"6460\" data-end=\"6470\">Arthur<\/strong>, who accompanies him to certain shows.<\/p>\n<p data-start=\"6515\" data-end=\"6594\">It all started when Arthur, as a child, simply helped carry the equipment.<\/p>\n<p data-start=\"6596\" data-end=\"6667\">Little by little, his father entrusted him with a camera, a bag, and a tripod.<\/p>\n<p data-start=\"6669\" data-end=\"6713\">The first shots were guided by voice:<\/p>\n<blockquote>\n<p data-start=\"6715\" data-end=\"6756\">&#8220;press&#8230; release&#8230; look at the result&#8230;&#8221;<\/p>\n<\/blockquote>\n<p data-start=\"6758\" data-end=\"6855\">Today, Arthur is sixteen and takes his own shots during certain shows.<\/p>\n<p data-start=\"6857\" data-end=\"6975\">The two photographers sometimes work from different viewpoints to obtain complementary images.<\/p>\n<p data-start=\"6977\" data-end=\"7022\">A true team effort\u2026 and a family affair.<\/p>\n<figure id=\"attachment_6190\" aria-describedby=\"caption-attachment-6190\" style=\"width: 800px\" class=\"wp-caption aligncenter\"><img loading=\"lazy\" decoding=\"async\" class=\"wp-image-6190 size-large\" title=\"Arthur Lepla 2018\" src=\"https:\/\/www.arteventia.fr\/wp-content\/uploads\/2026\/03\/Arthur-Lepla-2018-1024x701.webp\" alt=\"Arthur Lepla 2018\" width=\"800\" height=\"548\"><figcaption id=\"caption-attachment-6190\" class=\"wp-caption-text\">Arthur Lepla in 2018 &#8211; Photo by Fr\u00e9d\u00e9ric Lepla<\/figcaption><\/figure>\n<h2 data-section-id=\"1go730t\" data-start=\"7029\" data-end=\"7062\">Composing a tableau of light<\/h2>\n<p data-start=\"7064\" data-end=\"7143\">If Fr\u00e9d\u00e9ric Lepla had to summarize his approach in one sentence, it would be simple.<\/p>\n<blockquote data-start=\"7145\" data-end=\"7248\">\n<p data-start=\"7147\" data-end=\"7248\">&#8220;I seek to compose a tableau that magnifies the setting by associating it with the pyrotechnic show.&#8221;<\/p>\n<\/blockquote>\n<p data-start=\"7250\" data-end=\"7326\">He often evokes <a href=\"https:\/\/fr.wikipedia.org\/wiki\/La_Nuit_%C3%A9toil%C3%A9e_(1889)\"><strong data-start=\"7268\" data-end=\"7287\">The Starry Night<\/strong><\/a> by <a href=\"https:\/\/fr.wikipedia.org\/wiki\/Vincent_van_Gogh\">Van Gogh<\/a> to describe this vision.<\/p>\n<p data-start=\"7328\" data-end=\"7362\">A calm landscape, a vibrant sky.<\/p>\n<p data-start=\"7364\" data-end=\"7442\">In the case of fireworks, the stars simply become\u2026 ephemeral.<\/p>\n<h2 data-section-id=\"1d44zrs\" data-start=\"7449\" data-end=\"7482\">Horizons yet to explore<\/h2>\n<p data-start=\"7484\" data-end=\"7663\">After photographing shows on several continents \u2014 from Canada to Vietnam, from Chile to Papua New Guinea \u2014 there are still many horizons to explore.<\/p>\n<p data-start=\"7665\" data-end=\"7727\">Two destinations are particularly dreamlike for the photographer:<\/p>\n<p data-start=\"7729\" data-end=\"7757\"><strong data-start=\"7729\" data-end=\"7757\">Australia and Japan.<\/strong><\/p>\n<p data-start=\"7759\" data-end=\"7865\">Perhaps, one day, he will set up his tripod facing a Japanese landscape to capture a hanabi show.<\/p>\n<p data-start=\"7867\" data-end=\"7927\">And once again, compose a sky of ephemeral stars.<\/p>\n<figure id=\"attachment_6074\" aria-describedby=\"caption-attachment-6074\" style=\"width: 800px\" class=\"wp-caption aligncenter\"><img loading=\"lazy\" decoding=\"async\" class=\"wp-image-6074 size-large\" title=\"Malta 2025 Frederic LEPLA 02556\" src=\"https:\/\/www.arteventia.fr\/wp-content\/uploads\/2026\/03\/Malte-2025-Frederic-LEPLA-02556-1024x576.webp\" alt=\"Malta 2025 Frederic LEPLA 02556\" width=\"800\" height=\"450\"><figcaption id=\"caption-attachment-6074\" class=\"wp-caption-text\">Malta International Fireworks Festival &#8211; Photo by Fr\u00e9d\u00e9ric Lepla<\/figcaption><\/figure>\n<h2 data-start=\"7944\" data-end=\"8048\"><strong data-start=\"7944\" data-end=\"7962\">Fr\u00e9d\u00e9ric Lepla<\/strong><\/h2>\n<p data-start=\"7944\" data-end=\"8048\">Performance and Event Photographer<br data-start=\"8006\" data-end=\"8009\">ARTEVENTIA Photographic Collaborator<\/p>\n<p data-start=\"8050\" data-end=\"8063\">Specialties:<\/p>\n<ul data-start=\"8065\" data-end=\"8220\">\n<li data-section-id=\"1jurmwn\" data-start=\"8065\" data-end=\"8110\">\n<p data-start=\"8067\" data-end=\"8110\">pyrotechnic show photography<\/p>\n<\/li>\n<li data-section-id=\"xlmy9u\" data-start=\"8111\" data-end=\"8142\">\n<p data-start=\"8113\" data-end=\"8142\">event photography<\/p>\n<\/li>\n<li data-section-id=\"nauvjw\" data-start=\"8143\" data-end=\"8183\">\n<p data-start=\"8145\" data-end=\"8183\">long exposure and night photography<\/p>\n<\/li>\n<li data-section-id=\"1wdu4fu\" data-start=\"8184\" data-end=\"8220\">\n<p data-start=\"8186\" data-end=\"8220\">artistic capture of shows<\/p>\n<\/li>\n<\/ul>\n<p data-start=\"8222\" data-end=\"8276\">Photographer&#8217;s website: <a href=\"https:\/\/www.fredericlepla.com\/\">https:\/\/www.fredericlepla.com\/<\/a><\/p>\n<h3 data-section-id=\"14f64jk\" data-start=\"8283\" data-end=\"8301\"><\/h3>\n<h3 data-section-id=\"14f64jk\" data-start=\"8283\" data-end=\"8301\">Also read<\/h3>\n<blockquote class=\"wp-embedded-content\" data-secret=\"xIjVLD0sLw\"><p><a href=\"https:\/\/www.arteventia.fr\/edouard-gregoire-lart-de-mettre-le-ciel-en-scene\/\">\u00c9douard Gr\u00e9goire, l\u2019art de mettre le ciel en sc\u00e8ne<\/a><\/p><\/blockquote>\n<p><iframe class=\"wp-embedded-content\" sandbox=\"allow-scripts\" security=\"restricted\" style=\"position: absolute; visibility: hidden;\" title=\"&#8220;\u00c9douard Gr\u00e9goire, l\u2019art de mettre le ciel en sc\u00e8ne&#8221; &#8212; Arteventia\" src=\"https:\/\/www.arteventia.fr\/edouard-gregoire-lart-de-mettre-le-ciel-en-scene\/embed\/#?secret=ZB9txB64wn#?secret=xIjVLD0sLw\" data-secret=\"xIjVLD0sLw\" width=\"600\" height=\"338\" frameborder=\"0\" marginwidth=\"0\" marginheight=\"0\" scrolling=\"no\"><\/iframe><\/p>\n<blockquote class=\"wp-embedded-content\" data-secret=\"zV36h8IrU7\"><p><a href=\"https:\/\/www.arteventia.fr\/comment-ecrit-on-un-spectacle-pyrotechnique\/\">Comment \u00e9crit-on un spectacle pyrotechnique ?<\/a><\/p><\/blockquote>\n<p><iframe class=\"wp-embedded-content\" sandbox=\"allow-scripts\" security=\"restricted\" style=\"position: absolute; visibility: hidden;\" title=\"&#8220;Comment \u00e9crit-on un spectacle pyrotechnique ?&#8221; &#8212; Arteventia\" src=\"https:\/\/www.arteventia.fr\/comment-ecrit-on-un-spectacle-pyrotechnique\/embed\/#?secret=wK1Okskznb#?secret=zV36h8IrU7\" data-secret=\"zV36h8IrU7\" width=\"600\" height=\"338\" frameborder=\"0\" marginwidth=\"0\" marginheight=\"0\" scrolling=\"no\"><\/iframe><\/p>\n","protected":false},"excerpt":{"rendered":"<p>Fr\u00e9d\u00e9ric Lepla, capturing the moment and extending the magic of fire A pyrotechnic show lasts only a few minutes.Once the last spark fades, only memories remain. And sometimes, a photograph. For several years, photographer Fr\u00e9d\u00e9ric Lepla has accompanied certain ARTEVENTIA shows, capturing their most striking images. His perspective extends the emotion of a naturally ephemeral [&hellip;]<\/p>\n","protected":false},"author":2,"featured_media":6081,"comment_status":"closed","ping_status":"closed","sticky":false,"template":"","format":"standard","meta":{"_seopress_robots_primary_cat":"none","_seopress_titles_title":"Fr\u00e9d\u00e9ric Lepla, photographer of ARTEVENTIA pyrotechnic shows","_seopress_titles_desc":"As a photographer of pyrotechnic shows, Fr\u00e9d\u00e9ric Lepla captures the emotion and power of ARTEVENTIA's creations through images that extend the magic of fire.","_seopress_robots_index":"","footnotes":""},"categories":[80,204],"tags":[138,200,197,198,201,199,196],"class_list":["post-6082","post","type-post","status-publish","format-standard","has-post-thumbnail","hentry","category-insights-into-creation","category-photographer-portraits","tag-arteventia","tag-event-photography","tag-fireworks-photography","tag-frederic-lepla","tag-photographic-perspective","tag-pyrotechnic-show-photographer","tag-show-photography"],"_links":{"self":[{"href":"https:\/\/www.arteventia.fr\/en\/wp-json\/wp\/v2\/posts\/6082","targetHints":{"allow":["GET"]}}],"collection":[{"href":"https:\/\/www.arteventia.fr\/en\/wp-json\/wp\/v2\/posts"}],"about":[{"href":"https:\/\/www.arteventia.fr\/en\/wp-json\/wp\/v2\/types\/post"}],"author":[{"embeddable":true,"href":"https:\/\/www.arteventia.fr\/en\/wp-json\/wp\/v2\/users\/2"}],"replies":[{"embeddable":true,"href":"https:\/\/www.arteventia.fr\/en\/wp-json\/wp\/v2\/comments?post=6082"}],"version-history":[{"count":2,"href":"https:\/\/www.arteventia.fr\/en\/wp-json\/wp\/v2\/posts\/6082\/revisions"}],"predecessor-version":[{"id":6199,"href":"https:\/\/www.arteventia.fr\/en\/wp-json\/wp\/v2\/posts\/6082\/revisions\/6199"}],"wp:featuredmedia":[{"embeddable":true,"href":"https:\/\/www.arteventia.fr\/en\/wp-json\/wp\/v2\/media\/6081"}],"wp:attachment":[{"href":"https:\/\/www.arteventia.fr\/en\/wp-json\/wp\/v2\/media?parent=6082"}],"wp:term":[{"taxonomy":"category","embeddable":true,"href":"https:\/\/www.arteventia.fr\/en\/wp-json\/wp\/v2\/categories?post=6082"},{"taxonomy":"post_tag","embeddable":true,"href":"https:\/\/www.arteventia.fr\/en\/wp-json\/wp\/v2\/tags?post=6082"}],"curies":[{"name":"wp","href":"https:\/\/api.w.org\/{rel}","templated":true}]}}