{"id":4869,"date":"2026-03-08T06:50:45","date_gmt":"2026-03-08T06:50:45","guid":{"rendered":"https:\/\/www.arteventia.fr\/recognition-media-coverage\/"},"modified":"2026-03-08T20:51:01","modified_gmt":"2026-03-08T20:51:01","slug":"recognition-media-coverage","status":"publish","type":"post","link":"https:\/\/www.arteventia.fr\/en\/recognition-media-coverage\/","title":{"rendered":"Recognition &amp; media coverage"},"content":{"rendered":"<h1 data-start=\"288\" data-end=\"314\">Press &amp; awards<\/h1>\n<p data-start=\"316\" data-end=\"617\">For over ten years, ARTEVENTIA has produced major creations that mark significant public and international events.<br data-start=\"442\" data-end=\"445\">Its work is regularly praised by the national and specialized press, highlighting a contemporary, immersive, and resolutely artistic pyrotechnic style.<\/p>\n<p><iframe title=\"SHOWREEL ARTEVENTIA 2025\" src=\"https:\/\/player.vimeo.com\/video\/1115830084?dnt=1&amp;app_id=122963\" width=\"800\" height=\"450\" frameborder=\"0\" allow=\"autoplay; fullscreen; picture-in-picture; clipboard-write; encrypted-media; web-share\" referrerpolicy=\"strict-origin-when-cross-origin\"><\/iframe><\/p>\n<h2 data-start=\"624\" data-end=\"694\">Crowned world champion at the Montreal International Competition<\/h2>\n<p data-start=\"696\" data-end=\"818\">ARTEVENTIA\u2019s victory at the prestigious Montreal fireworks competition generated wide media coverage.<\/p>\n<p data-start=\"820\" data-end=\"1150\">Several press outlets have hailed this international recognition, describing a French creative house elevated to the pinnacle of global pyrotechnic art.<br data-start=\"981\" data-end=\"984\">The media notably emphasized the artistic precision, visual emotion, and the team&#8217;s ability to compete with the greatest international names.<\/p>\n<p data-start=\"1152\" data-end=\"1174\">Articles to read:<\/p>\n<ul data-start=\"1175\" data-end=\"1294\">\n<li data-start=\"1175\" data-end=\"1237\">\n<p data-start=\"1177\" data-end=\"1237\">L\u2019\u00c9cho R\u00e9publicain \u2014 ARTEVENTIA crowned world champion<\/p>\n<\/li>\n<li data-start=\"1238\" data-end=\"1294\">\n<p data-start=\"1240\" data-end=\"1294\">Actu.fr \u2014 \u201cThe Olympic champions of fireworks\u201d<\/p>\n<\/li>\n<\/ul>\n<figure id=\"attachment_3423\" aria-describedby=\"caption-attachment-3423\" style=\"width: 800px\" class=\"wp-caption aligncenter\"><img alt=\"\" fetchpriority=\"high\" decoding=\"async\" class=\"wp-image-3423 size-large\" src=\"https:\/\/www.arteventia.fr\/wp-content\/uploads\/2024\/10\/ARTEVENTIA-La-Ronde-Montreal-27.07.2024-Frederic-LEPLA-.-com-WM02-1024x576.webp\" alt=\"\" width=\"800\" height=\"450\"><figcaption id=\"caption-attachment-3423\" class=\"wp-caption-text\">Photo: Fr\u00e9d\u00e9ric Lepla<\/figcaption><\/figure>\n<h2 data-start=\"1301\" data-end=\"1370\">A monumental New Year in <span class=\"hover:entity-accent entity-underline inline cursor-pointer align-baseline\"><span class=\"whitespace-normal\">Paris<\/span><\/span><\/h2>\n<p data-start=\"1372\" data-end=\"1564\">For the New Year 2023 celebration on the Champs-\u00c9lys\u00e9es, ARTEVENTIA designed a show of exceptional scale, hailed as one of the most ambitious ever staged in the capital.<\/p>\n<p data-start=\"1566\" data-end=\"1773\">The national press described an \u201cextraordinary\u201d fireworks display, combining monumental scenography, light, music, and pyrotechnics in an immersive experience that brought together hundreds of thousands of spectators.<\/p>\n<p data-start=\"1775\" data-end=\"1797\">Articles to read:<\/p>\n<ul data-start=\"1798\" data-end=\"1922\">\n<li data-start=\"1798\" data-end=\"1854\">\n<p data-start=\"1800\" data-end=\"1854\">France Bleu \u2014 an extraordinary fireworks display for 2023<\/p>\n<\/li>\n<li data-start=\"1855\" data-end=\"1922\">\n<p data-start=\"1857\" data-end=\"1922\">Le Parisien \u2014 the Champs-\u00c9lys\u00e9es ready to vibrate for New Year\u2019s Eve<\/p>\n<\/li>\n<\/ul>\n<figure id=\"attachment_3507\" aria-describedby=\"caption-attachment-3507\" style=\"width: 800px\" class=\"wp-caption aligncenter\"><img alt=\"\" decoding=\"async\" class=\"wp-image-3507 size-large\" src=\"https:\/\/www.arteventia.fr\/wp-content\/uploads\/2023\/01\/ARTEVENTIA-Paris-NYE23-FREDERIC-LEPLA-WM06-1024x683.webp\" alt=\"\" width=\"800\" height=\"534\"><figcaption id=\"caption-attachment-3507\" class=\"wp-caption-text\">Photo: Fr\u00e9d\u00e9ric Lepla<\/figcaption><\/figure>\n<h2 data-start=\"1929\" data-end=\"2027\">July 14 in <span class=\"hover:entity-accent entity-underline inline cursor-pointer align-baseline\"><span class=\"whitespace-normal\">Marseille<\/span><\/span>: a large-scale scripted show<\/h2>\n<p data-start=\"2029\" data-end=\"2238\">On the occasion of Bastille day, ARTEVENTIA transforms the Marseille sky into a living stage with a choreographed pyrotechnic creation, designed to engage in dialogue with the landscape and the architecture of the coastline.<\/p>\n<p data-start=\"2240\" data-end=\"2398\">The media shone a light on the behind-the-scenes of the show, emphasizing the technical complexity and artistic vision behind this monumental staging.<\/p>\n<p data-start=\"2400\" data-end=\"2422\">Articles to read:<\/p>\n<ul data-start=\"2423\" data-end=\"2559\">\n<li data-start=\"2423\" data-end=\"2487\">\n<p data-start=\"2425\" data-end=\"2487\">Fr\u00e9quence Sud \u2014 the secrets of the July 14 fireworks in Marseille<\/p>\n<\/li>\n<li data-start=\"2488\" data-end=\"2559\">\n<p data-start=\"2490\" data-end=\"2559\">Ouest-France \u2014 a majestic illumination of heritage sites<\/p>\n<\/li>\n<\/ul>\n<figure id=\"attachment_3360\" aria-describedby=\"caption-attachment-3360\" style=\"width: 800px\" class=\"wp-caption aligncenter\"><img alt=\"\" decoding=\"async\" class=\"wp-image-3360 size-large\" src=\"https:\/\/www.arteventia.fr\/wp-content\/uploads\/2025\/04\/ARTEVENTIA-Noel-Marseillais-21.12.2024-Arthur-LEPLA-WM06-1024x576.webp\" alt=\"\" width=\"800\" height=\"450\"><figcaption id=\"caption-attachment-3360\" class=\"wp-caption-text\">Photo: Arthur Lepla<\/figcaption><\/figure>\n<p data-start=\"1064\" data-end=\"1202\">\n<h2 data-start=\"515\" data-end=\"599\">A European-scale F\u00eate du Lac in <span class=\"hover:entity-accent entity-underline inline cursor-pointer align-baseline\"><span class=\"whitespace-normal\">Annecy<\/span><\/span><\/h2>\n<p data-start=\"601\" data-end=\"905\">For the 2025 F\u00eate du Lac, ARTEVENTIA presents <em data-start=\"655\" data-end=\"670\">Ode to the Moon<\/em>, a monumental creation praised by the regional and specialist press. Bringing together nearly 200,000 spectators around Albigny Bay, this edition marked the return of one of Europe\u2019s greatest pyrotechnic shows. <\/p>\n<p data-start=\"907\" data-end=\"1062\">The media emphasized the poetic and immersive dimension of the show, describing a 70-minute visual fresco combining fire, water, light, and storytelling.<\/p>\n<p data-start=\"1064\" data-end=\"1202\">Articles to read:<\/p>\n<ul data-start=\"3001\" data-end=\"3187\">\n<li data-start=\"3001\" data-end=\"3065\">\n<p data-start=\"3003\" data-end=\"3065\">Light ZOOM Lumi\u00e8re \u2014 a poem addressed to the Moon<\/p>\n<\/li>\n<li data-start=\"3066\" data-end=\"3130\">\n<p data-start=\"3068\" data-end=\"3130\">Le Dauphin\u00e9 Lib\u00e9r\u00e9 \u2014 a dazzling return for the F\u00eate du Lac<\/p>\n<\/li>\n<\/ul>\n<figure id=\"attachment_3928\" aria-describedby=\"caption-attachment-3928\" style=\"width: 800px\" class=\"wp-caption aligncenter\"><img alt=\"\" loading=\"lazy\" decoding=\"async\" class=\"wp-image-3928 size-large\" src=\"https:\/\/www.arteventia.fr\/wp-content\/uploads\/2026\/02\/ARTEVENTIA-ANNECY-Frederic-LEPLA-01-1024x576.webp\" alt=\"\" width=\"800\" height=\"450\"><figcaption id=\"caption-attachment-3928\" class=\"wp-caption-text\">Photo: Fr\u00e9d\u00e9ric Lepla<\/figcaption><\/figure>\n<p data-start=\"1064\" data-end=\"1202\">\n<h2 data-start=\"2566\" data-end=\"2643\">A spectacular New Year 2026 in <span class=\"hover:entity-accent entity-underline inline cursor-pointer align-baseline\"><span class=\"whitespace-normal\">Brussels<\/span><\/span><\/h2>\n<p data-start=\"2645\" data-end=\"2773\">To celebrate the arrival of 2026, Brussels entrusted ARTEVENTIA with the creation of the main New Year\u2019s show at the foot of the Atomium.<\/p>\n<p data-start=\"2775\" data-end=\"2976\">The Belgian press is announcing a major event, highlighting a contemporary artistic approach that goes beyond traditional fireworks to offer a truly immersive experience.<\/p>\n<p data-start=\"2978\" data-end=\"3000\">Articles to read:<\/p>\n<ul data-start=\"3001\" data-end=\"3187\">\n<li data-start=\"3001\" data-end=\"3065\">\n<p data-start=\"3003\" data-end=\"3065\">RTBF \u2014 a monumental show for New Year\u2019s at the Atomium<\/p>\n<\/li>\n<li data-start=\"3066\" data-end=\"3130\">\n<p data-start=\"3068\" data-end=\"3130\">L\u2019Avenir \u2014 a new vision of fireworks in Brussels<\/p>\n<\/li>\n<li data-start=\"3131\" data-end=\"3187\">\n<p data-start=\"3133\" data-end=\"3187\">City of Brussels \u2014 official programme of festivities<\/p>\n<\/li>\n<\/ul>\n<figure id=\"attachment_3631\" aria-describedby=\"caption-attachment-3631\" style=\"width: 800px\" class=\"wp-caption aligncenter\"><img alt=\"\" loading=\"lazy\" decoding=\"async\" class=\"wp-image-3631 size-large\" src=\"https:\/\/www.arteventia.fr\/wp-content\/uploads\/2026\/02\/ARTEVENTIA-31-Decembre-Bruxelles-BME-WM03-1024x683.webp\" alt=\"\" width=\"800\" height=\"534\"><figcaption id=\"caption-attachment-3631\" class=\"wp-caption-text\">Photo: Brussels Major Event<\/figcaption><\/figure>\n<h2 data-start=\"3194\" data-end=\"3232\">A recognised artistic signature<\/h2>\n<p data-start=\"3234\" data-end=\"3299\">Through this media coverage, one shared vision emerges:<\/p>\n<p data-start=\"3301\" data-end=\"3515\">\u2022 pyrotechnics conceived as a narrative art<br data-start=\"3347\" data-end=\"3350\">\u2022 immersive scenography at the service of emotion<br data-start=\"3402\" data-end=\"3405\">\u2022 high-level technical mastery<br data-start=\"3444\" data-end=\"3447\">\u2022 an ability to transform vast spaces into living stages<\/p>\n<p data-start=\"3517\" data-end=\"3680\">ARTEVENTIA now stands out as a creative house capable of reinventing major public events while shining on the international stage.<\/p>\n<p>&nbsp;<\/p>\n","protected":false},"excerpt":{"rendered":"<p>Press &amp; awards For over ten years, ARTEVENTIA has produced major creations that mark significant public and international events.Its work is regularly praised by the national and specialized press, highlighting a contemporary, immersive, and resolutely artistic pyrotechnic style. Crowned world champion at the Montreal International Competition ARTEVENTIA\u2019s victory at the prestigious Montreal fireworks competition generated [&hellip;]<\/p>\n","protected":false},"author":2,"featured_media":4876,"comment_status":"closed","ping_status":"closed","sticky":false,"template":"","format":"standard","meta":{"_seopress_robots_primary_cat":"","_seopress_titles_title":"Recognition and media coverage of ARTEVENTIA shows","_seopress_titles_desc":"Discover the recognition, media coverage, and press articles dedicated to ARTEVENTIA's creations: pyrotechnic shows, drones, and artistic events.","_seopress_robots_index":"","footnotes":""},"categories":[84],"tags":[114,117,116,113,112,115,118,119],"class_list":["post-4869","post","type-post","status-publish","format-standard","has-post-thumbnail","hentry","category-press-review","tag-artistic-creation","tag-artistic-direction","tag-event-show","tag-fireworks-display","tag-pyrotechnic-show","tag-set-design","tag-show-innovations","tag-visual-show"],"_links":{"self":[{"href":"https:\/\/www.arteventia.fr\/en\/wp-json\/wp\/v2\/posts\/4869","targetHints":{"allow":["GET"]}}],"collection":[{"href":"https:\/\/www.arteventia.fr\/en\/wp-json\/wp\/v2\/posts"}],"about":[{"href":"https:\/\/www.arteventia.fr\/en\/wp-json\/wp\/v2\/types\/post"}],"author":[{"embeddable":true,"href":"https:\/\/www.arteventia.fr\/en\/wp-json\/wp\/v2\/users\/2"}],"replies":[{"embeddable":true,"href":"https:\/\/www.arteventia.fr\/en\/wp-json\/wp\/v2\/comments?post=4869"}],"version-history":[{"count":0,"href":"https:\/\/www.arteventia.fr\/en\/wp-json\/wp\/v2\/posts\/4869\/revisions"}],"wp:featuredmedia":[{"embeddable":true,"href":"https:\/\/www.arteventia.fr\/en\/wp-json\/wp\/v2\/media\/4876"}],"wp:attachment":[{"href":"https:\/\/www.arteventia.fr\/en\/wp-json\/wp\/v2\/media?parent=4869"}],"wp:term":[{"taxonomy":"category","embeddable":true,"href":"https:\/\/www.arteventia.fr\/en\/wp-json\/wp\/v2\/categories?post=4869"},{"taxonomy":"post_tag","embeddable":true,"href":"https:\/\/www.arteventia.fr\/en\/wp-json\/wp\/v2\/tags?post=4869"}],"curies":[{"name":"wp","href":"https:\/\/api.w.org\/{rel}","templated":true}]}}