{"id":4449,"date":"2026-03-08T06:40:11","date_gmt":"2026-03-08T06:40:11","guid":{"rendered":"https:\/\/www.arteventia.fr\/press-review-of-the-fete-du-lac-2025\/"},"modified":"2026-03-08T22:35:13","modified_gmt":"2026-03-08T22:35:13","slug":"press-review-of-the-fete-du-lac-2025","status":"publish","type":"post","link":"https:\/\/www.arteventia.fr\/en\/press-review-of-the-fete-du-lac-2025\/","title":{"rendered":"Press review of the F\u00eate du lac 2025"},"content":{"rendered":"<h1 data-start=\"235\" data-end=\"257\">Press review<\/h1>\n<h2 data-start=\"194\" data-end=\"240\"><em data-start=\"197\" data-end=\"212\">Ode to the Moon<\/em> \u2014 F\u00eate du Lac d\u2019Annecy 2025<\/h2>\n<p data-start=\"242\" data-end=\"651\">On <strong data-start=\"245\" data-end=\"260\">August 2, 2025<\/strong>, the F\u00eate du Lac d\u2019Annecy delighted audiences around the lake after a year-long hiatus, with a poetic and immersive edition entitled <em data-start=\"400\" data-end=\"415\">Ode to the Moon<\/em>. Considered one of <strong data-start=\"442\" data-end=\"506\">Europe\u2019s largest pyrotechnic and aquatic shows<\/strong>, the event drew hundreds of thousands of spectators and generated extensive media coverage. <\/p>\n<h3 data-start=\"653\" data-end=\"705\">A recognised visual and sensory creation<\/h3>\n<p data-start=\"707\" data-end=\"1140\">In a dedicated feature, the specialist media outlet <em data-start=\"752\" data-end=\"772\">Light ZOOM Lumi\u00e8re<\/em> describes the 2025 edition as \u201c<strong data-start=\"803\" data-end=\"833\">a poem recited to the Moon<\/strong>\u201d, where the sky becomes a stage for powerful visual and narrative storytelling. The publication highlights the show\u2019s progression across six acts, combining pyrotechnics, water jets, light, lasers and musical rhythms, for an immersive experience rich in emotion. <\/p>\n<blockquote data-start=\"1142\" data-end=\"1357\">\n<p data-start=\"1144\" data-end=\"1357\">\u201cA dreamlike and enchanting universe\u2026 as the scenes unfold, the audience is carried into this poetic world by the voice of the Lake addressing the Moon\u2026\u201d \u2014 Light ZOOM Lumi\u00e8re<\/p>\n<\/blockquote>\n<p data-start=\"1359\" data-end=\"1544\">This artistic approach was praised both for its visual dimension and for its sensory ambition, punctuating the evening with a dramatic progression that appeals to all ages.<\/p>\n<h3 data-start=\"1551\" data-end=\"1607\">An event deeply rooted in tradition<\/h3>\n<p data-start=\"1609\" data-end=\"1951\">The F\u00eate du Lac takes place every year on the shores of <strong data-start=\"1665\" data-end=\"1681\">Lake Annecy<\/strong> at Le P\u00e2quier, and its origins date back to popular festivities in the 19th century. Today, it has become a highlight of the Annecy summer, bringing residents and visitors together around a collective, spectacular show. <\/p>\n<p data-start=\"1953\" data-end=\"2187\">The 2025 edition, after an interruption in 2024, was particularly anticipated, and many local media outlets highlighted the renewed emotion and conviviality surrounding this event.<\/p>\n<figure id=\"attachment_3918\" aria-describedby=\"caption-attachment-3918\" style=\"width: 800px\" class=\"wp-caption aligncenter\"><img alt=\"\" fetchpriority=\"high\" decoding=\"async\" class=\"wp-image-3918 size-large\" src=\"https:\/\/www.arteventia.fr\/wp-content\/uploads\/2026\/02\/ARTEVENTIA-ANNCEY-NICOLAS-GUILITTE-1024x532.webp\" alt=\"\" width=\"800\" height=\"416\"><figcaption id=\"caption-attachment-3918\" class=\"wp-caption-text\">Photo: Nicolas Guilitte<\/figcaption><\/figure>\n<h2 data-start=\"1705\" data-end=\"1735\">Public enthusiasm<\/h2>\n<p data-start=\"1737\" data-end=\"1841\">On social media and in online comments, reactions were overwhelmingly positive:<\/p>\n<blockquote data-start=\"1843\" data-end=\"1991\">\n<p data-start=\"1845\" data-end=\"1991\">&#8220;A suspended moment.&#8221;<br data-start=\"1868\" data-end=\"1871\">&#8220;The most beautiful show seen in Annecy.&#8221;<br data-start=\"1912\" data-end=\"1915\">&#8220;Emotion from start to finish.&#8221;<br data-start=\"1947\" data-end=\"1950\">&#8220;A true work of art in the sky.&#8221;<\/p>\n<\/blockquote>\n<p data-start=\"1993\" data-end=\"2090\">Beyond the figures, it is the emotional impact that is mentioned most often in testimonials.<\/p>\n<h2 data-start=\"2097\" data-end=\"2131\">Between tradition and modernity<\/h2>\n<p data-start=\"2133\" data-end=\"2342\">The Lake Festival is one of Europe&#8217;s largest pyrotechnic shows.<br data-start=\"2208\" data-end=\"2211\">The 2025 edition successfully preserved the popular and unifying spirit of the event while incorporating a distinct contemporary style.<\/p>\n<p data-start=\"2344\" data-end=\"2442\">The media highlighted this ability to combine heritage, innovation and artistic storytelling.<\/p>\n<figure id=\"attachment_3919\" aria-describedby=\"caption-attachment-3919\" style=\"width: 800px\" class=\"wp-caption aligncenter\"><img alt=\"\" decoding=\"async\" class=\"wp-image-3919 size-large\" src=\"https:\/\/www.arteventia.fr\/wp-content\/uploads\/2026\/02\/ARTEVENTIA-ANNY-Arthur-LEPLA-1024x683.webp\" alt=\"\" width=\"800\" height=\"534\"><figcaption id=\"caption-attachment-3919\" class=\"wp-caption-text\">Photo: Arthur Lepla<\/figcaption><\/figure>\n<p data-start=\"2693\" data-end=\"2760\">The 2025 edition of the <em data-start=\"3795\" data-end=\"3817\">F\u00eate du Lac d\u2019Annecy<\/em> generated enthusiasm and admiration, both from specialist media outlets and from the public gathered by the lakeside. Praised for its artistic writing and immersive dimension, <em data-start=\"3995\" data-end=\"4010\">Ode to the Moon<\/em> restored all the magic of this historic event, reconnecting with collective emotion and the shared imagination surrounding Europe\u2019s great pyrotechnic shows. <\/p>\n<h3 data-start=\"1737\" data-end=\"1786\"><em data-start=\"1744\" data-end=\"1786\">Key figures \u2013 F\u00eate du Lac d\u2019Annecy 2025<\/em><\/h3>\n<p data-start=\"1788\" data-end=\"1915\"><strong data-start=\"1791\" data-end=\"1810\">Attendance:<\/strong><br \/>\n\u2022 ~150,000 spectators expected in the main areas<br data-start=\"1868\" data-end=\"1871\">\u2022 ~200,000 people present around the lake<\/p>\n<p data-start=\"1917\" data-end=\"1989\"><strong data-start=\"1921\" data-end=\"1938\">Ticketing:<\/strong><br \/>\n\u2022 52,000 paid tickets sold before the show<\/p>\n<p data-start=\"1991\" data-end=\"2031\"><strong data-start=\"1994\" data-end=\"2005\">Duration:<\/strong><br \/>\n\u2022 70-minute show<\/p>\n<p data-start=\"2033\" data-end=\"2071\"><strong data-start=\"2036\" data-end=\"2046\">Location:<\/strong><br \/>\n\u2022 Albigny Bay, Annecy<\/p>\n<p data-start=\"2073\" data-end=\"2160\"><strong data-start=\"2075\" data-end=\"2085\">Fact:<\/strong><br \/>\n\u2022 Considered one of Europe\u2019s largest pyrotechnic shows<\/p>\n<h2 data-start=\"2449\" data-end=\"2475\">Articles to read<\/h2>\n<p data-start=\"2477\" data-end=\"2691\">\u2022 <a href=\"https:\/\/www.lightzoomlumiere.fr\/evenement\/fete-du-lac-d-annecy-2025-un-poeme-declame-a-la-lune\/\">Light ZOOM Lumi\u00e8re \u2013 <em data-start=\"2500\" data-end=\"2556\">Annecy Lake Festival 2025: a poem dedicated to the moon<\/em><\/a><br data-start=\"2556\" data-end=\"2559\">\u2022 <a href=\"https:\/\/www.ledauphine.com\/culture-loisirs\/2025\/08\/02\/un-retour-attendu-et-eclatant-pour-la-fete-du-lac\">Le Dauphin\u00e9 Lib\u00e9r\u00e9 \u2013 <em data-start=\"2582\" data-end=\"2633\">A long-awaited and dazzling return for the Lake Festival<\/em><\/a><br data-start=\"2633\" data-end=\"2636\">\u2022 <a href=\"https:\/\/www.annecy.fr\/fileadmin\/mediatheque_annecy\/Espace_presse\/Dossier_de_presse_-_F%C3%AAte_du_lac_-_19_juin_2025.pdf\">Press Kit City of Annecy \u2013 Lake Festival 2025<\/a><\/p>\n<p>Read also:<\/p>\n<blockquote class=\"wp-embedded-content\" data-secret=\"ICkQm6MQc5\"><p><a href=\"https:\/\/www.arteventia.fr\/fete-du-lac-dannecy-2025\/\">F\u00eate du lac d&#8217;Annecy 2025<\/a><\/p><\/blockquote>\n<p><iframe class=\"wp-embedded-content\" sandbox=\"allow-scripts\" security=\"restricted\" style=\"position: absolute; visibility: hidden;\" title=\"&#8220;F\u00eate du lac d&#8217;Annecy 2025&#8221; &#8212; Arteventia\" src=\"https:\/\/www.arteventia.fr\/fete-du-lac-dannecy-2025\/embed\/#?secret=eZaMidNzuq#?secret=ICkQm6MQc5\" data-secret=\"ICkQm6MQc5\" width=\"600\" height=\"338\" frameborder=\"0\" marginwidth=\"0\" marginheight=\"0\" scrolling=\"no\"><\/iframe><\/p>\n<p>&nbsp;<\/p>\n<p>&nbsp;<\/p>\n","protected":false},"excerpt":{"rendered":"<p>Press review Ode to the Moon \u2014 F\u00eate du Lac d\u2019Annecy 2025 On August 2, 2025, the F\u00eate du Lac d\u2019Annecy delighted audiences around the lake after a year-long hiatus, with a poetic and immersive edition entitled Ode to the Moon. Considered one of Europe\u2019s largest pyrotechnic and aquatic shows, the event drew hundreds of [&hellip;]<\/p>\n","protected":false},"author":2,"featured_media":4450,"comment_status":"closed","ping_status":"closed","sticky":false,"template":"","format":"standard","meta":{"_seopress_robots_primary_cat":"none","_seopress_titles_title":"F\u00eate du lac 2025 Press Review | ARTEVENTIA","_seopress_titles_desc":"Discover the F\u00eate du lac 2025 press review: articles, reports and media coverage of the pyrotechnic show.","_seopress_robots_index":"","footnotes":""},"categories":[84],"tags":[114,117,116,113,112,115,118,119],"class_list":["post-4449","post","type-post","status-publish","format-standard","has-post-thumbnail","hentry","category-press-review","tag-artistic-creation","tag-artistic-direction","tag-event-show","tag-fireworks-display","tag-pyrotechnic-show","tag-set-design","tag-show-innovations","tag-visual-show"],"_links":{"self":[{"href":"https:\/\/www.arteventia.fr\/en\/wp-json\/wp\/v2\/posts\/4449","targetHints":{"allow":["GET"]}}],"collection":[{"href":"https:\/\/www.arteventia.fr\/en\/wp-json\/wp\/v2\/posts"}],"about":[{"href":"https:\/\/www.arteventia.fr\/en\/wp-json\/wp\/v2\/types\/post"}],"author":[{"embeddable":true,"href":"https:\/\/www.arteventia.fr\/en\/wp-json\/wp\/v2\/users\/2"}],"replies":[{"embeddable":true,"href":"https:\/\/www.arteventia.fr\/en\/wp-json\/wp\/v2\/comments?post=4449"}],"version-history":[{"count":0,"href":"https:\/\/www.arteventia.fr\/en\/wp-json\/wp\/v2\/posts\/4449\/revisions"}],"wp:featuredmedia":[{"embeddable":true,"href":"https:\/\/www.arteventia.fr\/en\/wp-json\/wp\/v2\/media\/4450"}],"wp:attachment":[{"href":"https:\/\/www.arteventia.fr\/en\/wp-json\/wp\/v2\/media?parent=4449"}],"wp:term":[{"taxonomy":"category","embeddable":true,"href":"https:\/\/www.arteventia.fr\/en\/wp-json\/wp\/v2\/categories?post=4449"},{"taxonomy":"post_tag","embeddable":true,"href":"https:\/\/www.arteventia.fr\/en\/wp-json\/wp\/v2\/tags?post=4449"}],"curies":[{"name":"wp","href":"https:\/\/api.w.org\/{rel}","templated":true}]}}